{"id":10451,"date":"2020-06-30T00:03:00","date_gmt":"2020-06-30T05:03:00","guid":{"rendered":"http:\/\/www.macquero.com\/?p=10451"},"modified":"2021-10-30T03:20:24","modified_gmt":"2021-10-30T08:20:24","slug":"estreno-festival-de-la-cancion-de-eurovision-la-historia-de-fire-saga-eurovision-song-contest-the-story-of-fire-saga-absolutamente-irrepetible-y-unico","status":"publish","type":"post","link":"https:\/\/www.macquero.com\/en\/2020\/06\/estreno-festival-de-la-cancion-de-eurovision-la-historia-de-fire-saga-eurovision-song-contest-the-story-of-fire-saga-absolutamente-irrepetible-y-unico\/","title":{"rendered":"Festival de la canci\u00f3n de Eurovisi\u00f3n: La historia de Fire Saga. &#8211; Eurovision Song Contest: The Story of Fire Saga. Absolutamente irrepetible y \u00fanica."},"content":{"rendered":"<p>Puntuaci\u00f3n: &#x2b50;&#x2b50;&#x2b50;&#x2b50;&#x2b50;<\/p>\n\n\n\n<p>Un nuevo regalo nos sorprende, con esta pel\u00edcula que <strong>t\u00edo Netflix<\/strong> trae para todos a modo de estreno, reci\u00e9n salida del horno.  <\/p>\n\n\n\n<h3 class=\"wp-block-heading\">Sipnosis<\/h3>\n\n\n\n<p>Eurovision Song Contest: The Story of Fire Saga&nbsp;es una&nbsp;pel\u00edcula de comedia&nbsp;musical&nbsp;estadounidense de 2020 dirigida por&nbsp;David Dobkin&nbsp;y escrita por Andrew Steele y&nbsp;Will Ferrell.&nbsp;La pel\u00edcula sigue a&nbsp;los&nbsp;cantantes&nbsp;islandeses&nbsp;<strong>Lars Erickssong <\/strong>(Will Ferrer) y <strong>Sigrit Ericksd\u00f3ttir<\/strong>&nbsp;(Rachel McAdams), donde tienen la oportunidad de representar a su pa\u00eds en el&nbsp;Festival de Eurovisi\u00f3n.&nbsp;Pierce Brosnan,&nbsp;Dan Stevens&nbsp;y&nbsp;la bell\u00edsima <a href=\"https:\/\/www.instagram.com\/ddlovato\/\" target=\"_blank\" rel=\"noreferrer noopener\" aria-label=\"Demi Lovato (opens in a new tab)\"><strong>Demi Lovato<\/strong><\/a>&nbsp;tambi\u00e9n protagonizan.<\/p>\n\n\n\n<p>La pel\u00edcula estaba programada inicialmente para un lanzamiento en mayo de 2020 para coincidir con el&nbsp;Festival de la Canci\u00f3n de Eurovisi\u00f3n 2020.&nbsp;Sin embargo, la liberaci\u00f3n se retras\u00f3 debido a la&nbsp;pandemia de COVID-19.&nbsp;Finalmente fue lanzado en estreno a trav\u00e9s de&nbsp;Netflix&nbsp;el 26 de junio de 2020.&nbsp;<\/p>\n\n\n\n<p>En&nbsp;1974,&nbsp;en el peque\u00f1o pueblo de&nbsp;H\u00fasav\u00edk, Islandia, un joven Lars Erickssong baila con su mejor amiga Sigrit en&nbsp;la actuaci\u00f3n&nbsp;ganadora de&nbsp;ABBA en&nbsp;Eurovisi\u00f3n&nbsp;de &#8220;Waterloo&#8221;.<\/p>\n\n\n\n<h3 class=\"wp-block-heading\">Valoraci\u00f3n<\/h3>\n\n\n\n<p>Inesperadamente graciosa, -una simp\u00e1tica- comedia musical que al mismo tiempo hace parodia y homenaje a este popular certamen musical. La pel\u00edcula protagonizada por <strong>Will Ferrell y Rachel McAdams<\/strong> est\u00e1&nbsp;repleta de cameos inmersivos. <\/p>\n\n\n\n<p>La participaci\u00f3n del rol protag\u00f3nico deja una especial y singular huella, con momentos fascinantemente rid\u00edculos, pero tambi\u00e9n te dejar\u00e1s seducir por su emotividad y un carisma irrefutable en ambos papeles.<\/p>\n\n\n\n<h3 class=\"wp-block-heading\">La trama<\/h3>\n\n\n\n<p>Las actuaciones principales interpretan a dos m\u00fasicos islandeses, <strong>Lars Erickssong y Sigrit Eircksdottir<\/strong>, que forman &#8216;Fire Saga&#8217;, el d\u00fao que representar\u00e1 a su pa\u00eds en Eurovisi\u00f3n. <\/p>\n\n\n\n<p>Como buena pel\u00edcula del festival, la cinta est\u00e1 repleta de llamativas actuaciones musicales que han hecho a muchos plantearse la pregunta de: \u00bfrealmente son los protagonistas los que  cantan? Puedo afirmar, s\u00ed y no. &#x1f602; <\/p>\n\n\n\n<blockquote class=\"wp-block-quote is-layout-flow wp-block-quote-is-layout-flow\"><p>\u00a1Espera! No mates al mensajero. &#x1f917;<\/p><\/blockquote>\n\n\n\n<p>Te explico: En la pel\u00edcula aparecen 12 canciones originales, incluyendo 4 de <a href=\"https:\/\/www.instagram.com\/awsuki\/\" target=\"_blank\" rel=\"noreferrer noopener\" aria-label=\"Savan Kotecha (opens in a new tab)\"><strong>Savan Kotecha<\/strong><\/a>, compositor de &#8216;God is a Woman&#8217; de <a href=\"https:\/\/www.instagram.com\/arianagrande\/\" target=\"_blank\" rel=\"noreferrer noopener\" aria-label=\"Ariana Grande (opens in a new tab)\"><strong>Ariana Grande<\/strong><\/a> o &#8216;Can&#8217;t Feel My Face&#8217;, de <a href=\"https:\/\/www.instagram.com\/theweeknd\/\" target=\"_blank\" rel=\"noreferrer noopener\" aria-label=\"The Weeknd (opens in a new tab)\"><strong>The Weeknd<\/strong><\/a>. \u00c9l compone la canci\u00f3n con la que Fire Saga entra a Eurovisi\u00f3n, &#8216;Double Trouble&#8217;. <\/p>\n\n\n\n<h3 class=\"wp-block-heading\">\u00bfCantan los actores principales?<\/h3>\n\n\n\n<p>En ella <strong>s\u00ed que canta Will Ferrell<\/strong> su peque\u00f1a secci\u00f3n y <strong>Rachel McAdams utiliza su voz al principio<\/strong>, pero la voz principal que o\u00edmos es la de <a rel=\"noreferrer noopener\" aria-label=\"Molly Sand\u00e9n (opens in a new tab)\" href=\"https:\/\/www.instagram.com\/m0llys\/\" target=\"_blank\"><strong>Molly Sand\u00e9n<\/strong><\/a>, tambi\u00e9n llamada <strong>My Marianne<\/strong>. -Hablamos de una artista con experiencia en Eurovisi\u00f3n ya que represent\u00f3 a Suecia en la versi\u00f3n Junior del festival en 2006 y se ha intentado presentar por su pa\u00eds al de adultos, pero no ha sido la elegida en la final en hasta tres ocasiones.   <\/p>\n\n\n\n<p>Pero <strong>McAdams s\u00ed que canta una canci\u00f3n completamente<\/strong> (cuando Sigrit est\u00e1  practicando &#8216;Husavik&#8217;), pero en el resto de la cinta solo hace los inicios hasta que su voz se diluye entre la de Sand\u00e9n. <\/p>\n\n\n\n<p>Lo mismo ocurre con el concursante ruso, Alexander Lemtov, interpretado por <strong>Dan Stevens<\/strong> pero al que no o\u00edmos de verdad en &#8216;Lion of Love&#8217;. De nuevo otra composici\u00f3n de Kotecha, es el cantante de \u00f3pera <strong>Erik Mj\u00f6nes<\/strong> el que se <strong>encarga de la brutal interpretaci\u00f3n vocal que escuchamos en el film. -Y en el corto del tr\u00e1iler.<\/strong>  &#x1f631;<\/p>\n\n\n\n<h3 class=\"wp-block-heading\">Un dato incre\u00edble &#x1f525;&#x1f525;&#x1f525;<\/h3>\n\n\n\n<p>En medio de la fanfarria de una ostentosa fiesta llega un aluvi\u00f3n de <strong>personajes que marcaron un antes y un despu\u00e9s<\/strong> a lo largo de la historia del certamen en una de <strong>las mejores escenas musicales<\/strong> nunca vistas bajo el manto de producci\u00f3n de Hollywood. Song-A-Long: &#8220;Believe&#8221;, &#8220;Ray Of Light&#8221;, &#8220;Waterloo&#8221;, &#8220;Ne Partez pas Sans Moi&#8221; and &#8220;I Gotta Feeling&#8221;.<\/p>\n\n\n\n<figure class=\"wp-block-embed is-type-video is-provider-youtube wp-block-embed-youtube wp-embed-aspect-16-9 wp-has-aspect-ratio\"><div class=\"wp-block-embed__wrapper\">\n<span class=\"embed-youtube\" style=\"text-align:center; display: block;\"><iframe loading=\"lazy\" class=\"youtube-player\" width=\"640\" height=\"360\" src=\"https:\/\/www.youtube.com\/embed\/2FynBs_lI4g?version=3&#038;rel=1&#038;showsearch=0&#038;showinfo=1&#038;iv_load_policy=1&#038;fs=1&#038;hl=en-US&#038;autohide=2&#038;wmode=transparent\" allowfullscreen=\"true\" style=\"border:0;\" sandbox=\"allow-scripts allow-same-origin allow-popups allow-presentation allow-popups-to-escape-sandbox\"><\/iframe><\/span>\n<\/div><figcaption><strong>Eurovision Song-Along (Official) &#8211; Iconic Contestants Join The Party<\/strong>.<\/figcaption><\/figure>\n\n\n\n<p>Para mi es un regalo \u00fanico e irrepetible, ya que sin la plataforma jam\u00e1s me hubiera enterado del concurso, permiti\u00e9ndole a este grupo de personas dejar su huella a lo largo de la historia del programa y tambi\u00e9n en la pel\u00edcula de <strong>Netflix<\/strong>. <\/p>\n\n\n\n<p><strong>Todo un regalo para los o\u00eddos.<\/strong> \u00a1Imperdible!<\/p>\n\n\n\n<h3 class=\"wp-block-heading\">Momento con spoiler<\/h3>\n\n\n\n<p>Para mi una de las escenas m\u00e1s graciosas fue: &#8220;\u00bfCantamos una canci\u00f3n de Eurovisi\u00f3n? \u00a1Noooo! \u00a1Toquen: &#8220;<strong>Ja ja Ding Dong<\/strong>&#8220;!&#8221; Termina la canci\u00f3n. Y vuelve a preguntar: -Ok. &#8220;\u00bfQuieren o\u00edr la canci\u00f3n de Eurovisi\u00f3n ahora? \u00a1Noooo!&#8221; Qu\u00e9 p\u00fablico tan extra\u00f1o. &#x1f602;<\/p>\n\n\n\n<h3 class=\"wp-block-heading\">Banda Sonora<\/h3>\n\n\n\n<p>Recordarte que siempre que desees escuchar el \u00e1lbum, podr\u00e1s hacerlo a trav\u00e9s de una suscripci\u00f3n en <strong><a rel=\"noreferrer noopener\" aria-label=\"Apple Music (opens in a new tab)\" href=\"https:\/\/music.apple.com\/us\/album\/eurovision-song-contest-story-fire-saga-music-from\/1519359235\" target=\"_blank\">Apple Music<\/a><\/strong>. O bien con una cuenta Premium en Spotify. <\/p>","protected":false},"excerpt":{"rendered":"<p>Puntuaci\u00f3n: &#x2b50;&#x2b50;&#x2b50;&#x2b50;&#x2b50; Un nuevo regalo nos sorprende, con esta pel\u00edcula que t\u00edo Netflix trae para todos a modo de estreno, reci\u00e9n salida del horno. Sipnosis Eurovision Song Contest: The Story of Fire Saga&nbsp;es una&nbsp;pel\u00edcula de comedia&nbsp;musical&nbsp;estadounidense de 2020 dirigida por&nbsp;David Dobkin&nbsp;y escrita por Andrew Steele y&nbsp;Will Ferrell.&nbsp;La pel\u00edcula sigue a&nbsp;los&nbsp;cantantes&nbsp;islandeses&nbsp;Lars Erickssong (Will Ferrer) y Sigrit &hellip;<\/p>","protected":false},"author":2,"featured_media":10467,"comment_status":"closed","ping_status":"closed","sticky":false,"template":"","format":"standard","meta":{"jetpack_post_was_ever_published":false,"_jetpack_newsletter_access":"","_jetpack_dont_email_post_to_subs":false,"_jetpack_newsletter_tier_id":0,"_jetpack_memberships_contains_paywalled_content":false,"_jetpack_memberships_contains_paid_content":false,"footnotes":"","jetpack_publicize_message":"","jetpack_publicize_feature_enabled":true,"jetpack_social_post_already_shared":true,"jetpack_social_options":{"image_generator_settings":{"template":"highway","default_image_id":0,"font":"","enabled":false},"version":2}},"categories":[1019,733,766],"tags":[814,378],"class_list":["post-10451","post","type-post","status-publish","format-standard","has-post-thumbnail","hentry","category-analisis-y-opinion","category-originales-de-netflix","category-cine-netflix","tag-disparatado","tag-romance"],"jetpack_publicize_connections":[],"jetpack_featured_media_url":"https:\/\/www.macquero.com\/wp-content\/uploads\/2020\/06\/www.macquero.com-estreno-festival-de-la-cancion-de-eurovision-la-historia-de-fire-saga-eurovision-song-contest-the-story-of-fire-saga-absolutamente-irrepetible-y-unico-sa.jpg","jetpack_sharing_enabled":true,"_links":{"self":[{"href":"https:\/\/www.macquero.com\/en\/wp-json\/wp\/v2\/posts\/10451","targetHints":{"allow":["GET"]}}],"collection":[{"href":"https:\/\/www.macquero.com\/en\/wp-json\/wp\/v2\/posts"}],"about":[{"href":"https:\/\/www.macquero.com\/en\/wp-json\/wp\/v2\/types\/post"}],"author":[{"embeddable":true,"href":"https:\/\/www.macquero.com\/en\/wp-json\/wp\/v2\/users\/2"}],"replies":[{"embeddable":true,"href":"https:\/\/www.macquero.com\/en\/wp-json\/wp\/v2\/comments?post=10451"}],"version-history":[{"count":12,"href":"https:\/\/www.macquero.com\/en\/wp-json\/wp\/v2\/posts\/10451\/revisions"}],"predecessor-version":[{"id":15580,"href":"https:\/\/www.macquero.com\/en\/wp-json\/wp\/v2\/posts\/10451\/revisions\/15580"}],"wp:featuredmedia":[{"embeddable":true,"href":"https:\/\/www.macquero.com\/en\/wp-json\/wp\/v2\/media\/10467"}],"wp:attachment":[{"href":"https:\/\/www.macquero.com\/en\/wp-json\/wp\/v2\/media?parent=10451"}],"wp:term":[{"taxonomy":"category","embeddable":true,"href":"https:\/\/www.macquero.com\/en\/wp-json\/wp\/v2\/categories?post=10451"},{"taxonomy":"post_tag","embeddable":true,"href":"https:\/\/www.macquero.com\/en\/wp-json\/wp\/v2\/tags?post=10451"}],"curies":[{"name":"wp","href":"https:\/\/api.w.org\/{rel}","templated":true}]}}