{"id":10422,"date":"2020-06-27T20:33:25","date_gmt":"2020-06-28T01:33:25","guid":{"rendered":"http:\/\/www.macquero.com\/?p=10422"},"modified":"2020-06-27T20:33:31","modified_gmt":"2020-06-28T01:33:31","slug":"estreno-dark-temporada-final-el-fin-del-mundo-llego","status":"publish","type":"post","link":"https:\/\/www.macquero.com\/en\/2020\/06\/estreno-dark-temporada-final-el-fin-del-mundo-llego\/","title":{"rendered":"Estreno: Dark. Temporada final. El fin del mundo lleg\u00f3."},"content":{"rendered":"<p>El esperado momento en el que el Apocalipsis llega a esta serie, no es puro cuento. <strong>Literal nos lavaron el cerebro, y nos borraron la memoria.<\/strong> &#x1f632;<\/p>\n\n\n\n<p>Siempre recomiendo repasar las series desde el pen\u00faltimo y \u00faltimo episodio de la anterior temporada, sin embargo en este caso creo que hay que volver a verla desde la primera temporada, <strong>toda otra vez.<\/strong> Y es que <strong>dilucidar lo nuevo<\/strong> y unir las piezas a\u00f1ejas del rompecabezas para que tengan sentido representa un mayor desaf\u00edo. <\/p>\n\n\n\n<figure class=\"wp-block-embed-youtube wp-block-embed is-type-video is-provider-youtube wp-embed-aspect-16-9 wp-has-aspect-ratio\"><div class=\"wp-block-embed__wrapper\">\n<span class=\"embed-youtube\" style=\"text-align:center; display: block;\"><iframe loading=\"lazy\" class=\"youtube-player\" width=\"640\" height=\"360\" src=\"https:\/\/www.youtube.com\/embed\/z2wPBG-GSJ0?version=3&#038;rel=1&#038;showsearch=0&#038;showinfo=1&#038;iv_load_policy=1&#038;fs=1&#038;hl=en-US&#038;autohide=2&#038;wmode=transparent\" allowfullscreen=\"true\" style=\"border:0;\" sandbox=\"allow-scripts allow-same-origin allow-popups allow-presentation allow-popups-to-escape-sandbox\"><\/iframe><\/span>\n<\/div><figcaption><strong>Tr\u00e1iler<\/strong><\/figcaption><\/figure>\n\n\n\n<p>Cuesta much\u00edsimo recordar cada fragmento de la historia que dejamos en la consecuci\u00f3n de las otras temporadas. <\/p>\n\n\n\n<p>A vista de p\u00e1jaro la tercera entrega logra mantener su profundidad y su poder, destacando aspectos de la propuesta visual en la fotograf\u00eda y efectos especiales sobresalientes, adem\u00e1s de un trabajo de reparto inconmensurable y una banda sonora incre\u00edble. <\/p>\n\n\n\n<blockquote class=\"wp-block-quote is-layout-flow wp-block-quote-is-layout-flow\"><p>La cr\u00edtica especializada subraya que durante todos los episodios es perceptible el tono y la sensaci\u00f3n de que realmente estamos ante los momentos finales del programa y <strong>eso es algo imponente. <\/strong><\/p><\/blockquote>\n\n\n\n<p>La encontr\u00e9 fascinante, <strong>m\u00e1s confusa<\/strong> pero, tambi\u00e9n estimulante.<\/p>","protected":false},"excerpt":{"rendered":"<p>El esperado momento en el que el Apocalipsis llega a esta serie, no es puro cuento. Literal nos lavaron el cerebro, y nos borraron la memoria. &#x1f632; Siempre recomiendo repasar las series desde el pen\u00faltimo y \u00faltimo episodio de la anterior temporada, sin embargo en este caso creo que hay que volver a verla desde &hellip;<\/p>","protected":false},"author":2,"featured_media":10427,"comment_status":"closed","ping_status":"closed","sticky":false,"template":"","format":"standard","meta":{"jetpack_post_was_ever_published":false,"_jetpack_newsletter_access":"","_jetpack_dont_email_post_to_subs":false,"_jetpack_newsletter_tier_id":0,"_jetpack_memberships_contains_paywalled_content":false,"_jetpack_memberships_contains_paid_content":false,"footnotes":"","jetpack_publicize_message":"","jetpack_publicize_feature_enabled":true,"jetpack_social_post_already_shared":true,"jetpack_social_options":{"image_generator_settings":{"template":"highway","default_image_id":0,"font":"","enabled":false},"version":2}},"categories":[770,872,731,733,732],"tags":[856,833],"class_list":["post-10422","post","type-post","status-publish","format-standard","has-post-thumbnail","hentry","category-analisis-netflix","category-calendario-netflix","category-estrenos-y-lanzamientos","category-originales-de-netflix","category-series","tag-ciencia-ficcion-y-fantasia","tag-thriller-sobrenatural"],"jetpack_publicize_connections":[],"jetpack_featured_media_url":"https:\/\/www.macquero.com\/wp-content\/uploads\/2020\/06\/www.macquero.com-estreno-dark-temporada-final-el-fin-del-mundo-llego-dk2.jpg","jetpack_sharing_enabled":true,"_links":{"self":[{"href":"https:\/\/www.macquero.com\/en\/wp-json\/wp\/v2\/posts\/10422","targetHints":{"allow":["GET"]}}],"collection":[{"href":"https:\/\/www.macquero.com\/en\/wp-json\/wp\/v2\/posts"}],"about":[{"href":"https:\/\/www.macquero.com\/en\/wp-json\/wp\/v2\/types\/post"}],"author":[{"embeddable":true,"href":"https:\/\/www.macquero.com\/en\/wp-json\/wp\/v2\/users\/2"}],"replies":[{"embeddable":true,"href":"https:\/\/www.macquero.com\/en\/wp-json\/wp\/v2\/comments?post=10422"}],"version-history":[{"count":2,"href":"https:\/\/www.macquero.com\/en\/wp-json\/wp\/v2\/posts\/10422\/revisions"}],"predecessor-version":[{"id":10428,"href":"https:\/\/www.macquero.com\/en\/wp-json\/wp\/v2\/posts\/10422\/revisions\/10428"}],"wp:featuredmedia":[{"embeddable":true,"href":"https:\/\/www.macquero.com\/en\/wp-json\/wp\/v2\/media\/10427"}],"wp:attachment":[{"href":"https:\/\/www.macquero.com\/en\/wp-json\/wp\/v2\/media?parent=10422"}],"wp:term":[{"taxonomy":"category","embeddable":true,"href":"https:\/\/www.macquero.com\/en\/wp-json\/wp\/v2\/categories?post=10422"},{"taxonomy":"post_tag","embeddable":true,"href":"https:\/\/www.macquero.com\/en\/wp-json\/wp\/v2\/tags?post=10422"}],"curies":[{"name":"wp","href":"https:\/\/api.w.org\/{rel}","templated":true}]}}