{"id":10365,"date":"2020-06-19T18:36:25","date_gmt":"2020-06-19T23:36:25","guid":{"rendered":"http:\/\/www.macquero.com\/?p=10365"},"modified":"2021-11-25T20:27:35","modified_gmt":"2021-11-26T02:27:35","slug":"estreno-the-sinner-temporada-3","status":"publish","type":"post","link":"https:\/\/www.macquero.com\/en\/2020\/06\/estreno-the-sinner-temporada-3\/","title":{"rendered":"The Sinner. Temporada 3."},"content":{"rendered":"<p>Puntuaci\u00f3n: &#x2b50;&#x2b50;&#x2b50;&#x2b50;&#x2b50;<\/p>\n\n\n\n<p><strong>The Sinner\u00a0<\/strong>regresa a\u00a0<strong>Netflix<\/strong>, con una tercera temporada que luce m\u00e1s densa que las otras entregas. En\u00a0Estados Unidos\u00a0ya se termin\u00f3 de emitir, y la serie fue renovada para una cuarta temporada. <\/p>\n\n\n\n<p>As\u00ed de buena es.<\/p>\n\n\n\n<h3 class=\"wp-block-heading\">Sipnosis<\/h3>\n\n\n\n<p>Jamie&nbsp;es un profesor de secundaria que parece tener su vida resuelta. Est\u00e1 esperando su primer&nbsp;hijo&nbsp;junto a su hermosa&nbsp;esposa, y parece ser el favorito de todos sus alumnos.<\/p>\n\n\n\n<p>Una noche, un&nbsp;viejo amigo&nbsp;llama a su puerta y desata el caos. El accidente de auto en el que se ven involucrados cambiar\u00e1 todo en un abrir y cerrar de ojos, y destapar\u00e1 un espiral de recuerdos que empujar\u00e1n al joven padre hacia un&nbsp;camino oscuro y perturbador.<\/p>\n\n\n\n<h3 class=\"wp-block-heading\">Valoraci\u00f3n<\/h3>\n\n\n\n<p>Basada en una novela de la escritora&nbsp;Petra Hammesfahr, en cada temporada se investiga un caso que tiene ribetes incomprensibles. <\/p>\n\n\n\n<blockquote class=\"wp-block-quote is-layout-flow wp-block-quote-is-layout-flow\"><p><strong>The Sinner<\/strong>&nbsp;no se caracteriza por ser una serie liviana. <\/p><\/blockquote>\n\n\n\n<p>Con nihilismo, un apartado fotogr\u00e1fico incre\u00edble<strong>&nbsp;<\/strong>y&nbsp;actuaciones impecables, esta nueva entrega es la m\u00e1s compleja de todas, germinando caos y llev\u00e1ndonos todo el tiempo por la delgada l\u00ednea del umbral de la confusi\u00f3n. <\/p>\n\n\n\n<p>Los ocho nuevos cap\u00edtulos de<strong>&nbsp;The Sinner<\/strong>&nbsp;ya est\u00e1n disponibles desde este viernes 19 en&nbsp;<strong>Netflix<\/strong>. No dormir\u00e1s. <\/p>","protected":false},"excerpt":{"rendered":"<p>Puntuaci\u00f3n: &#x2b50;&#x2b50;&#x2b50;&#x2b50;&#x2b50; The Sinner\u00a0regresa a\u00a0Netflix, con una tercera temporada que luce m\u00e1s densa que las otras entregas. En\u00a0Estados Unidos\u00a0ya se termin\u00f3 de emitir, y la serie fue renovada para una cuarta temporada. As\u00ed de buena es. Sipnosis Jamie&nbsp;es un profesor de secundaria que parece tener su vida resuelta. Est\u00e1 esperando su primer&nbsp;hijo&nbsp;junto a su hermosa&nbsp;esposa, &hellip;<\/p>","protected":false},"author":2,"featured_media":10367,"comment_status":"closed","ping_status":"closed","sticky":false,"template":"","format":"standard","meta":{"jetpack_post_was_ever_published":false,"_jetpack_newsletter_access":"","_jetpack_dont_email_post_to_subs":false,"_jetpack_newsletter_tier_id":0,"_jetpack_memberships_contains_paywalled_content":false,"_jetpack_memberships_contains_paid_content":false,"footnotes":"","jetpack_publicize_message":"","jetpack_publicize_feature_enabled":true,"jetpack_social_post_already_shared":true,"jetpack_social_options":{"image_generator_settings":{"template":"highway","default_image_id":0,"font":"","enabled":false},"version":2}},"categories":[733,732],"tags":[832],"class_list":["post-10365","post","type-post","status-publish","format-standard","has-post-thumbnail","hentry","category-originales-de-netflix","category-series","tag-thriller-psicologico"],"jetpack_publicize_connections":[],"jetpack_featured_media_url":"https:\/\/www.macquero.com\/wp-content\/uploads\/2020\/06\/www.macquero.com-estreno-the-sinner-temporada-3-sn.jpg","jetpack_sharing_enabled":true,"_links":{"self":[{"href":"https:\/\/www.macquero.com\/en\/wp-json\/wp\/v2\/posts\/10365","targetHints":{"allow":["GET"]}}],"collection":[{"href":"https:\/\/www.macquero.com\/en\/wp-json\/wp\/v2\/posts"}],"about":[{"href":"https:\/\/www.macquero.com\/en\/wp-json\/wp\/v2\/types\/post"}],"author":[{"embeddable":true,"href":"https:\/\/www.macquero.com\/en\/wp-json\/wp\/v2\/users\/2"}],"replies":[{"embeddable":true,"href":"https:\/\/www.macquero.com\/en\/wp-json\/wp\/v2\/comments?post=10365"}],"version-history":[{"count":2,"href":"https:\/\/www.macquero.com\/en\/wp-json\/wp\/v2\/posts\/10365\/revisions"}],"predecessor-version":[{"id":15976,"href":"https:\/\/www.macquero.com\/en\/wp-json\/wp\/v2\/posts\/10365\/revisions\/15976"}],"wp:featuredmedia":[{"embeddable":true,"href":"https:\/\/www.macquero.com\/en\/wp-json\/wp\/v2\/media\/10367"}],"wp:attachment":[{"href":"https:\/\/www.macquero.com\/en\/wp-json\/wp\/v2\/media?parent=10365"}],"wp:term":[{"taxonomy":"category","embeddable":true,"href":"https:\/\/www.macquero.com\/en\/wp-json\/wp\/v2\/categories?post=10365"},{"taxonomy":"post_tag","embeddable":true,"href":"https:\/\/www.macquero.com\/en\/wp-json\/wp\/v2\/tags?post=10365"}],"curies":[{"name":"wp","href":"https:\/\/api.w.org\/{rel}","templated":true}]}}