{"id":10355,"date":"2020-06-18T11:23:58","date_gmt":"2020-06-18T16:23:58","guid":{"rendered":"http:\/\/www.macquero.com\/?p=10355"},"modified":"2021-10-26T02:54:40","modified_gmt":"2021-10-26T07:54:40","slug":"estreno-la-orden-secreta","status":"publish","type":"post","link":"https:\/\/www.macquero.com\/en\/2020\/06\/estreno-la-orden-secreta\/","title":{"rendered":"La Orden Secreta."},"content":{"rendered":"<p>Puntuaci\u00f3n: &#x2b50;<\/p>\n\n\n\n<p>Hoy se estrena la 2da temporada de esta serie, que en lo personal no logr\u00f3 engancharme. <\/p>\n\n\n\n<p>La cr\u00edtica especializada tampoco le atribuye buenas opiniones. Sin embargo en las redes sociales la opini\u00f3n esta dividida entre los fans y los detractores de la serie. <\/p>\n\n\n\n<h3 class=\"wp-block-heading\">Historia<\/h3>\n\n\n\n<p>La&nbsp;narrativa se centra en Jack Morton, un joven universitario que entra a formar parte de una legendaria sociedad secreta, la Orden donde es empujado a un mundo de magia, monstruos e intrigas.<\/p>\n\n\n\n<p>&nbsp;<\/p>","protected":false},"excerpt":{"rendered":"<p>Puntuaci\u00f3n: &#x2b50; Hoy se estrena la 2da temporada de esta serie, que en lo personal no logr\u00f3 engancharme. La cr\u00edtica especializada tampoco le atribuye buenas opiniones. Sin embargo en las redes sociales la opini\u00f3n esta dividida entre los fans y los detractores de la serie. Historia La&nbsp;narrativa se centra en Jack Morton, un joven universitario &hellip;<\/p>","protected":false},"author":2,"featured_media":10358,"comment_status":"closed","ping_status":"closed","sticky":false,"template":"","format":"standard","meta":{"jetpack_post_was_ever_published":false,"_jetpack_newsletter_access":"","_jetpack_dont_email_post_to_subs":false,"_jetpack_newsletter_tier_id":0,"_jetpack_memberships_contains_paywalled_content":false,"_jetpack_memberships_contains_paid_content":false,"footnotes":"","jetpack_publicize_message":"","jetpack_publicize_feature_enabled":true,"jetpack_social_post_already_shared":true,"jetpack_social_options":{"image_generator_settings":{"template":"highway","default_image_id":0,"font":"","enabled":false},"version":2}},"categories":[733,732],"tags":[856,801],"class_list":["post-10355","post","type-post","status-publish","format-standard","has-post-thumbnail","hentry","category-originales-de-netflix","category-series","tag-ciencia-ficcion-y-fantasia","tag-drama-juvenil"],"jetpack_publicize_connections":[],"jetpack_featured_media_url":"https:\/\/www.macquero.com\/wp-content\/uploads\/2020\/06\/www.macquero.com-estreno-la-orden-secreta-c1.jpg","jetpack_sharing_enabled":true,"_links":{"self":[{"href":"https:\/\/www.macquero.com\/en\/wp-json\/wp\/v2\/posts\/10355","targetHints":{"allow":["GET"]}}],"collection":[{"href":"https:\/\/www.macquero.com\/en\/wp-json\/wp\/v2\/posts"}],"about":[{"href":"https:\/\/www.macquero.com\/en\/wp-json\/wp\/v2\/types\/post"}],"author":[{"embeddable":true,"href":"https:\/\/www.macquero.com\/en\/wp-json\/wp\/v2\/users\/2"}],"replies":[{"embeddable":true,"href":"https:\/\/www.macquero.com\/en\/wp-json\/wp\/v2\/comments?post=10355"}],"version-history":[{"count":3,"href":"https:\/\/www.macquero.com\/en\/wp-json\/wp\/v2\/posts\/10355\/revisions"}],"predecessor-version":[{"id":15011,"href":"https:\/\/www.macquero.com\/en\/wp-json\/wp\/v2\/posts\/10355\/revisions\/15011"}],"wp:featuredmedia":[{"embeddable":true,"href":"https:\/\/www.macquero.com\/en\/wp-json\/wp\/v2\/media\/10358"}],"wp:attachment":[{"href":"https:\/\/www.macquero.com\/en\/wp-json\/wp\/v2\/media?parent=10355"}],"wp:term":[{"taxonomy":"category","embeddable":true,"href":"https:\/\/www.macquero.com\/en\/wp-json\/wp\/v2\/categories?post=10355"},{"taxonomy":"post_tag","embeddable":true,"href":"https:\/\/www.macquero.com\/en\/wp-json\/wp\/v2\/tags?post=10355"}],"curies":[{"name":"wp","href":"https:\/\/api.w.org\/{rel}","templated":true}]}}