{"id":10351,"date":"2020-06-18T00:05:52","date_gmt":"2020-06-18T05:05:52","guid":{"rendered":"http:\/\/www.macquero.com\/?p=10351"},"modified":"2021-12-03T05:33:22","modified_gmt":"2021-12-03T11:33:22","slug":"opinion-arenas-movedizas-storst-av-allt","status":"publish","type":"post","link":"https:\/\/www.macquero.com\/en\/2020\/06\/opinion-arenas-movedizas-storst-av-allt\/","title":{"rendered":"Arenas Movedizas. &#8211; St\u00f6rst av allt."},"content":{"rendered":"<p>Puntuaci\u00f3n: &#x2b50;&#x2b50;&#x2b50;&#x2b50;&#x2b50;<\/p>\n\n\n\n<p>Si te gust\u00f3 The Sinner, no puedes perderte ni un solo minuto de esta impactante serie que te sorprender\u00e1.<\/p>\n\n\n\n<h3 class=\"wp-block-heading\">Sipnosis<\/h3>\n\n\n\n<p>Un tiroteo masivo tiene lugar en una escuela preparatoria del barrio m\u00e1s rico de&nbsp;Estocolmo,&nbsp;Djursholm. Una estudiante normal de secundaria, Maja Norberg (<a rel=\"noreferrer noopener\" aria-label=\"Hanna Ard\u00e9hn (opens in a new tab)\" href=\"https:\/\/www.instagram.com\/hannaardehn\/\" target=\"_blank\"><strong>Hanna Ard\u00e9hn<\/strong><\/a>), se encuentra en juicio por asesinato y complicidad de asesinato. <\/p>\n\n\n\n<p>Cuando se revelan los acontecimientos de ese tr\u00e1gico d\u00eda, tambi\u00e9n salen a la luz detalles privados sobre su relaci\u00f3n con Sebastian Fagerman (<a rel=\"noreferrer noopener\" aria-label=\"Felix Sandman (opens in a new tab)\" href=\"https:\/\/www.instagram.com\/felixsandman\" target=\"_blank\"><strong>Felix Sandman<\/strong><\/a>) y con su familia disfuncional.<\/p>\n\n\n\n<h3 class=\"wp-block-heading\">Valoraci\u00f3n<\/h3>\n\n\n\n<p>Esta serie describe de manera amplia y abierta lo que no pudimos ver y que se desarroll\u00f3 de manera impl\u00edcita en (13 Reasons Why) por ejemplo.<\/p>\n\n\n\n<p><strong>La serie  de seis episodios<\/strong>, basados en el&nbsp;Best Seller&nbsp;literario de Malin Persson Giolito, nos traslada de manera h\u00e1bil a la acci\u00f3n narrativa, para mostrar sin sutilezas y de manera consecuente cada patr\u00f3n del crimen.<\/p>\n\n\n\n<p>\u00a1Sorprende!<\/p>\n\n\n\n<h3 class=\"wp-block-heading\">Accesibilidad<\/h3>\n\n\n\n<p>Disponible en su idioma original (Sueco), cuenta con la posibilidad de disfrutarla en espa\u00f1ol y tambi\u00e9n doblada al idioma ingl\u00e9s con capacidad de subt\u00edtulos en espa\u00f1ol e ingl\u00e9s.  <\/p>","protected":false},"excerpt":{"rendered":"<p>Puntuaci\u00f3n: &#x2b50;&#x2b50;&#x2b50;&#x2b50;&#x2b50; Si te gust\u00f3 The Sinner, no puedes perderte ni un solo minuto de esta impactante serie que te sorprender\u00e1. Sipnosis Un tiroteo masivo tiene lugar en una escuela preparatoria del barrio m\u00e1s rico de&nbsp;Estocolmo,&nbsp;Djursholm. Una estudiante normal de secundaria, Maja Norberg (Hanna Ard\u00e9hn), se encuentra en juicio por asesinato y complicidad de asesinato. &hellip;<\/p>","protected":false},"author":2,"featured_media":10353,"comment_status":"closed","ping_status":"closed","sticky":false,"template":"","format":"standard","meta":{"jetpack_post_was_ever_published":false,"_jetpack_newsletter_access":"","_jetpack_dont_email_post_to_subs":false,"_jetpack_newsletter_tier_id":0,"_jetpack_memberships_contains_paywalled_content":false,"_jetpack_memberships_contains_paid_content":false,"footnotes":"","jetpack_publicize_message":"","jetpack_publicize_feature_enabled":true,"jetpack_social_post_already_shared":true,"jetpack_social_options":{"image_generator_settings":{"template":"highway","default_image_id":0,"font":"","enabled":false},"version":2}},"categories":[733,732],"tags":[],"class_list":["post-10351","post","type-post","status-publish","format-standard","has-post-thumbnail","hentry","category-originales-de-netflix","category-series"],"jetpack_publicize_connections":[],"jetpack_featured_media_url":"https:\/\/www.macquero.com\/wp-content\/uploads\/2020\/06\/www.macquero.com-opinion-arenas-movedizas-captura-de-pantalla-2020-06-17-a-las-10.34.22-p.-m..png","jetpack_sharing_enabled":true,"_links":{"self":[{"href":"https:\/\/www.macquero.com\/en\/wp-json\/wp\/v2\/posts\/10351","targetHints":{"allow":["GET"]}}],"collection":[{"href":"https:\/\/www.macquero.com\/en\/wp-json\/wp\/v2\/posts"}],"about":[{"href":"https:\/\/www.macquero.com\/en\/wp-json\/wp\/v2\/types\/post"}],"author":[{"embeddable":true,"href":"https:\/\/www.macquero.com\/en\/wp-json\/wp\/v2\/users\/2"}],"replies":[{"embeddable":true,"href":"https:\/\/www.macquero.com\/en\/wp-json\/wp\/v2\/comments?post=10351"}],"version-history":[{"count":2,"href":"https:\/\/www.macquero.com\/en\/wp-json\/wp\/v2\/posts\/10351\/revisions"}],"predecessor-version":[{"id":16206,"href":"https:\/\/www.macquero.com\/en\/wp-json\/wp\/v2\/posts\/10351\/revisions\/16206"}],"wp:featuredmedia":[{"embeddable":true,"href":"https:\/\/www.macquero.com\/en\/wp-json\/wp\/v2\/media\/10353"}],"wp:attachment":[{"href":"https:\/\/www.macquero.com\/en\/wp-json\/wp\/v2\/media?parent=10351"}],"wp:term":[{"taxonomy":"category","embeddable":true,"href":"https:\/\/www.macquero.com\/en\/wp-json\/wp\/v2\/categories?post=10351"},{"taxonomy":"post_tag","embeddable":true,"href":"https:\/\/www.macquero.com\/en\/wp-json\/wp\/v2\/tags?post=10351"}],"curies":[{"name":"wp","href":"https:\/\/api.w.org\/{rel}","templated":true}]}}