{"id":10241,"date":"2020-06-03T00:40:08","date_gmt":"2020-06-03T05:40:08","guid":{"rendered":"http:\/\/www.macquero.com\/?p=10241"},"modified":"2020-06-03T00:40:14","modified_gmt":"2020-06-03T05:40:14","slug":"opinion-dime-quien-soy-tell-me-who-i-am","status":"publish","type":"post","link":"https:\/\/www.macquero.com\/en\/2020\/06\/opinion-dime-quien-soy-tell-me-who-i-am\/","title":{"rendered":"Opini\u00f3n: Dime qui\u00e9n soy. &#8211; Tell Me Who I Am."},"content":{"rendered":"<p>Mi siguiente recomendaci\u00f3n es un documental impactante con revelaciones desgarradoras.  <\/p>\n\n\n\n<p>Una terrible historia de dos hermanos que vivieron una terrible tragedia familiar.<\/p>\n\n\n\n<h3 class=\"wp-block-heading\">Sipnosis<\/h3>\n\n\n\n<p>Alex pierde la memoria despu\u00e9s de un grave accidente de motocicleta y conf\u00eda en su gemelo Marcus, quien le cuenta sobre su pasado, pero luego descubre que Marcus oculta un secreto familiar.<\/p>\n\n\n\n<figure class=\"wp-block-embed-youtube wp-block-embed is-type-video is-provider-youtube wp-embed-aspect-16-9 wp-has-aspect-ratio\"><div class=\"wp-block-embed__wrapper\">\n<span class=\"embed-youtube\" style=\"text-align:center; display: block;\"><iframe loading=\"lazy\" class=\"youtube-player\" width=\"640\" height=\"360\" src=\"https:\/\/www.youtube.com\/embed\/OLjaRjaGjRc?version=3&#038;rel=1&#038;showsearch=0&#038;showinfo=1&#038;iv_load_policy=1&#038;fs=1&#038;hl=en-US&#038;autohide=2&#038;wmode=transparent\" allowfullscreen=\"true\" style=\"border:0;\" sandbox=\"allow-scripts allow-same-origin allow-popups allow-presentation allow-popups-to-escape-sandbox\"><\/iframe><\/span>\n<\/div><figcaption><strong>Tr\u00e1iler<\/strong><\/figcaption><\/figure>\n\n\n\n<h3 class=\"wp-block-heading\">Valoraci\u00f3n<\/h3>\n\n\n\n<p>\u00bfQui\u00e9nes somos sin nuestros recuerdos? \u00bfEs posible borrar el pasado? \u00bfCu\u00e1les son las consecuencias de la implantaci\u00f3n de relatos falsos? Estas son algunas de las preguntas que surgen al hablar de\u00a0Tell Me Who I Am, un dur\u00edsimo documental de\u00a0Netflix\u00a0que lleva a la pantalla la cruda historia de dos hermanos gemelos v\u00edctimas de un terrible pasado.<\/p>","protected":false},"excerpt":{"rendered":"<p>Mi siguiente recomendaci\u00f3n es un documental impactante con revelaciones desgarradoras. Una terrible historia de dos hermanos que vivieron una terrible tragedia familiar. Sipnosis Alex pierde la memoria despu\u00e9s de un grave accidente de motocicleta y conf\u00eda en su gemelo Marcus, quien le cuenta sobre su pasado, pero luego descubre que Marcus oculta un secreto familiar. &hellip;<\/p>","protected":false},"author":2,"featured_media":10243,"comment_status":"closed","ping_status":"closed","sticky":false,"template":"","format":"standard","meta":{"jetpack_post_was_ever_published":false,"_jetpack_newsletter_access":"","_jetpack_dont_email_post_to_subs":false,"_jetpack_newsletter_tier_id":0,"_jetpack_memberships_contains_paywalled_content":false,"_jetpack_memberships_contains_paid_content":false,"footnotes":"","jetpack_publicize_message":"","jetpack_publicize_feature_enabled":true,"jetpack_social_post_already_shared":true,"jetpack_social_options":{"image_generator_settings":{"template":"highway","default_image_id":0,"font":"","enabled":false},"version":2}},"categories":[734,696,733],"tags":[],"class_list":["post-10241","post","type-post","status-publish","format-standard","has-post-thumbnail","hentry","category-documentales","category-netflix","category-originales-de-netflix"],"jetpack_publicize_connections":[],"jetpack_featured_media_url":"https:\/\/www.macquero.com\/wp-content\/uploads\/2020\/06\/www.macquero.com-opinion-dime-quien-soy-tell-me-who-i-am-captura-de-pantalla-2020-06-03-a-las-1.36.17-a.-m..png","jetpack_sharing_enabled":true,"_links":{"self":[{"href":"https:\/\/www.macquero.com\/en\/wp-json\/wp\/v2\/posts\/10241","targetHints":{"allow":["GET"]}}],"collection":[{"href":"https:\/\/www.macquero.com\/en\/wp-json\/wp\/v2\/posts"}],"about":[{"href":"https:\/\/www.macquero.com\/en\/wp-json\/wp\/v2\/types\/post"}],"author":[{"embeddable":true,"href":"https:\/\/www.macquero.com\/en\/wp-json\/wp\/v2\/users\/2"}],"replies":[{"embeddable":true,"href":"https:\/\/www.macquero.com\/en\/wp-json\/wp\/v2\/comments?post=10241"}],"version-history":[{"count":1,"href":"https:\/\/www.macquero.com\/en\/wp-json\/wp\/v2\/posts\/10241\/revisions"}],"predecessor-version":[{"id":10244,"href":"https:\/\/www.macquero.com\/en\/wp-json\/wp\/v2\/posts\/10241\/revisions\/10244"}],"wp:featuredmedia":[{"embeddable":true,"href":"https:\/\/www.macquero.com\/en\/wp-json\/wp\/v2\/media\/10243"}],"wp:attachment":[{"href":"https:\/\/www.macquero.com\/en\/wp-json\/wp\/v2\/media?parent=10241"}],"wp:term":[{"taxonomy":"category","embeddable":true,"href":"https:\/\/www.macquero.com\/en\/wp-json\/wp\/v2\/categories?post=10241"},{"taxonomy":"post_tag","embeddable":true,"href":"https:\/\/www.macquero.com\/en\/wp-json\/wp\/v2\/tags?post=10241"}],"curies":[{"name":"wp","href":"https:\/\/api.w.org\/{rel}","templated":true}]}}