{"id":10105,"date":"2020-05-22T00:04:52","date_gmt":"2020-05-22T05:04:52","guid":{"rendered":"http:\/\/www.macquero.com\/?p=10105"},"modified":"2021-11-25T21:53:40","modified_gmt":"2021-11-26T03:53:40","slug":"analisis-dark","status":"publish","type":"post","link":"https:\/\/www.macquero.com\/en\/2020\/05\/analisis-dark\/","title":{"rendered":"Dark."},"content":{"rendered":"<p>Puntuaci\u00f3n: &#x2b50;&#x2b50;&#x2b50;&#x2b50;&#x2b50;<\/p>\n\n\n\n<p>Mi siguiente recomendaci\u00f3n es una serie que muy pronto estrenar\u00e1 su tercera parte.    <\/p>\n\n\n\n<p>\u00bfTe imaginas poder viajar al futuro o al pasado? para cambiar algo que quisieras cambiar de tu vida. Si pudieras, tendr\u00edas qu\u00e9 pensar en la paradoja. \u00bfQu\u00e9 pensabas, qu\u00e9 ser\u00eda sencillo?<\/p>\n\n\n\n<h3 class=\"wp-block-heading\">Sipnosis<\/h3>\n\n\n\n<p>Ambientada en 2019, en Winden, un pueblo alem\u00e1n enclavado presumiblemente en la Selva Negra, cuya vida econ\u00f3mica gira en torno a una vieja central de energ\u00eda nuclear, la serie narra la desaparici\u00f3n de dos ni\u00f1os que rompe con la d\u00e9bil y aparente tranquilidad de sus pobladores.<\/p>\n\n\n\n<h3 class=\"wp-block-heading\">Valoraci\u00f3n<\/h3>\n\n\n\n<p>Es la primera producci\u00f3n original de Netflix realizada \u00edntegramente en Alemania, es un thriller sobrenatural y ficci\u00f3n dist\u00f3pica situada en los alrededores de un remoto pueblo; donde las desapariciones dejan al descubierto de manera escabrosa las vidas de quienes integran este relato.<\/p>\n\n\n\n<p>La segunda temporada del episodio 6 al episodio 8, me dej\u00f3 sin aliento sobre todo por el esquema del gui\u00f3n. \u00a1De miedo!   <\/p>\n\n\n\n<p>&#8216;Dark&#8217;&nbsp;lleg\u00f3 a&nbsp;<strong>Netflix<\/strong>&nbsp;como una aparente alternativa a &#8216;Stranger Things&#8217;, con puntos de similitud conexas a la segunda. Planteando toda clase de inusuales misterios y situaciones indescifrables. <\/p>\n\n\n\n<h3 class=\"wp-block-heading\">Similitudes contrastables<\/h3>\n\n\n\n<p>El p\u00fablico agremia a la serie similitud con Stranger Things por el a\u00f1o en el que todo comienza, y por el manto sobre natural que impregna toda la serie. Pero ambas (series), narran <strong>distintas<\/strong> historias y eso hace que esta en particular sea \u00fanica.<\/p>\n\n\n\n<figure class=\"wp-block-embed is-type-video is-provider-youtube wp-block-embed-youtube wp-embed-aspect-16-9 wp-has-aspect-ratio\"><div class=\"wp-block-embed__wrapper\">\n<span class=\"embed-youtube\" style=\"text-align:center; display: block;\"><iframe loading=\"lazy\" class=\"youtube-player\" width=\"640\" height=\"360\" src=\"https:\/\/www.youtube.com\/embed\/810CHvSdXOo?version=3&#038;rel=1&#038;showsearch=0&#038;showinfo=1&#038;iv_load_policy=1&#038;fs=1&#038;hl=en-US&#038;autohide=2&#038;wmode=transparent\" allowfullscreen=\"true\" style=\"border:0;\" sandbox=\"allow-scripts allow-same-origin allow-popups allow-presentation allow-popups-to-escape-sandbox\"><\/iframe><\/span>\n<\/div><figcaption><strong>Tr\u00e1iler<\/strong><\/figcaption><\/figure>\n\n\n\n<p>En la cuenta de <a rel=\"noreferrer noopener\" aria-label=\"T\u00edo Netflix para Latinoam\u00e9rica en Facebook (opens in a new tab)\" href=\"https:\/\/www.facebook.com\/NetflixLatino\/\" target=\"_blank\"><strong>T\u00edo Netflix para Latinoam\u00e9rica en Facebook<\/strong><\/a>, ya se dejan ver memes estructurales de lo que ser\u00e1 su tercera y \u00faltima entrega. <\/p>\n\n\n\n<h3 class=\"wp-block-heading\">Efectos especiales y producci\u00f3n <\/h3>\n\n\n\n<p>El apartado de fotograf\u00eda y efectos especiales adem\u00e1s de convincentes, son de una agudeza visual distintiva. \u00a1Sorprende!<\/p>\n\n\n\n<p>Algunas canciones &#8220;iconos de los a\u00f1os 80\u00b4s&#8221; entre ellas, una que se va repitiendo en varios episodios. <a rel=\"noreferrer noopener\" href=\"https:\/\/www.youtube.com\/watch?v=oas5nAlfrwg\" target=\"_blank\"><strong>Nena &#8211; Irgendwie Irgendwo Irgendwann<\/strong><\/a> (Original 1984).  &#8211; Est\u00e1 canci\u00f3n me puso los pelos de punta en varias escenas. (Risas)<\/p>\n\n\n\n<h3 class=\"wp-block-heading\">Gui\u00f3n<\/h3>\n\n\n\n<p>El gui\u00f3n est\u00e1 escalonadamente bien construido, no se enreda entre sus propias l\u00edneas narrativas que, en ciertos momentos, pueden demandar exigencia al espectador, pero logra resolver inteligentemente cada una de ellas.<\/p>\n\n\n\n<h3 class=\"wp-block-heading\">La trama<\/h3>\n\n\n\n<p>Desdobla la relatividad del tiempo propuestos por Einstein y desarrollados posteriormente por la f\u00edsica cu\u00e1ntica,&nbsp;gestando una historia que nos sumerge en interesantes reflexiones sobre la solidez de la realidad, cuya construcci\u00f3n depende de la interacci\u00f3n que se produce no solo en el espacio, sino tambi\u00e9n en el tiempo. <\/p>\n\n\n\n<p>Seg\u00fan la relaci\u00f3n causa-consecuencia en la que se basa la mec\u00e1nica newtoniana, la consecuencia ocurrir\u00e1 siempre en el futuro. Sin embargo, en&nbsp;Dark&nbsp;se plantea que esta ocurre en el pasado.<\/p>\n\n\n\n<h3 class=\"wp-block-heading\">\u00bfRazones para verla?<\/h3>\n\n\n\n<p>Muchas. Qu\u00e9 no te la cuenten. <\/p>\n\n\n\n<h3 class=\"wp-block-heading\">Tercera temporada <\/h3>\n\n\n\n<p>La producci\u00f3n ha mantenido en total hermetismo los detalles de su \u00faltima temporada, pero parece que eso quedar\u00e1 atr\u00e1s despu\u00e9s de conocer que los ocho episodios con los que contar\u00e1 la temporada final est\u00e1n listos para su reproducci\u00f3n. <\/p>\n\n\n\n<p>\u00a1Es inminente!<\/p>","protected":false},"excerpt":{"rendered":"<p>Puntuaci\u00f3n: &#x2b50;&#x2b50;&#x2b50;&#x2b50;&#x2b50; Mi siguiente recomendaci\u00f3n es una serie que muy pronto estrenar\u00e1 su tercera parte. \u00bfTe imaginas poder viajar al futuro o al pasado? para cambiar algo que quisieras cambiar de tu vida. Si pudieras, tendr\u00edas qu\u00e9 pensar en la paradoja. \u00bfQu\u00e9 pensabas, qu\u00e9 ser\u00eda sencillo? Sipnosis Ambientada en 2019, en Winden, un pueblo alem\u00e1n &hellip;<\/p>","protected":false},"author":2,"featured_media":10109,"comment_status":"closed","ping_status":"closed","sticky":false,"template":"","format":"standard","meta":{"jetpack_post_was_ever_published":false,"_jetpack_newsletter_access":"","_jetpack_dont_email_post_to_subs":false,"_jetpack_newsletter_tier_id":0,"_jetpack_memberships_contains_paywalled_content":false,"_jetpack_memberships_contains_paid_content":false,"footnotes":"","jetpack_publicize_message":"","jetpack_publicize_feature_enabled":true,"jetpack_social_post_already_shared":true,"jetpack_social_options":{"image_generator_settings":{"template":"highway","default_image_id":0,"font":"","enabled":false},"version":2}},"categories":[1019,733,732],"tags":[431,861,833],"class_list":["post-10105","post","type-post","status-publish","format-standard","has-post-thumbnail","hentry","category-analisis-y-opinion","category-originales-de-netflix","category-series","tag-ciencia-ficcion","tag-distopico","tag-thriller-sobrenatural"],"jetpack_publicize_connections":[],"jetpack_featured_media_url":"https:\/\/www.macquero.com\/wp-content\/uploads\/2020\/05\/www.macquero.com-analisis-dark-captura-de-pantalla-2020-05-21-a-las-11.12.45-p.-m..png","jetpack_sharing_enabled":true,"_links":{"self":[{"href":"https:\/\/www.macquero.com\/en\/wp-json\/wp\/v2\/posts\/10105","targetHints":{"allow":["GET"]}}],"collection":[{"href":"https:\/\/www.macquero.com\/en\/wp-json\/wp\/v2\/posts"}],"about":[{"href":"https:\/\/www.macquero.com\/en\/wp-json\/wp\/v2\/types\/post"}],"author":[{"embeddable":true,"href":"https:\/\/www.macquero.com\/en\/wp-json\/wp\/v2\/users\/2"}],"replies":[{"embeddable":true,"href":"https:\/\/www.macquero.com\/en\/wp-json\/wp\/v2\/comments?post=10105"}],"version-history":[{"count":6,"href":"https:\/\/www.macquero.com\/en\/wp-json\/wp\/v2\/posts\/10105\/revisions"}],"predecessor-version":[{"id":16044,"href":"https:\/\/www.macquero.com\/en\/wp-json\/wp\/v2\/posts\/10105\/revisions\/16044"}],"wp:featuredmedia":[{"embeddable":true,"href":"https:\/\/www.macquero.com\/en\/wp-json\/wp\/v2\/media\/10109"}],"wp:attachment":[{"href":"https:\/\/www.macquero.com\/en\/wp-json\/wp\/v2\/media?parent=10105"}],"wp:term":[{"taxonomy":"category","embeddable":true,"href":"https:\/\/www.macquero.com\/en\/wp-json\/wp\/v2\/categories?post=10105"},{"taxonomy":"post_tag","embeddable":true,"href":"https:\/\/www.macquero.com\/en\/wp-json\/wp\/v2\/tags?post=10105"}],"curies":[{"name":"wp","href":"https:\/\/api.w.org\/{rel}","templated":true}]}}