{"id":10042,"date":"2020-05-14T00:04:52","date_gmt":"2020-05-14T05:04:52","guid":{"rendered":"http:\/\/www.macquero.com\/?p=10042"},"modified":"2020-05-13T20:27:49","modified_gmt":"2020-05-14T01:27:49","slug":"opinion-the-flash","status":"publish","type":"post","link":"https:\/\/www.macquero.com\/en\/2020\/05\/opinion-the-flash\/","title":{"rendered":"Opini\u00f3n: The Flash."},"content":{"rendered":"<p>Esta semana di un salto adictivo hacia un nuevo personaje de las historias de DC Comics mientras me pon\u00eda al d\u00eda, con el estreno de la quinta entrega de Gotham.<\/p>\n\n\n\n<h3 class=\"wp-block-heading\">Sipnosis<\/h3>\n\n\n\n<p>La quinta temporada de la serie de televisi\u00f3n estadounidense The Flash, se basa en el personaje de DC Comics Barry Allen \/ Flash, y se estren\u00f3 en The CW el 9 de octubre de 2018 concluyendo el 14 de mayo de 2019, con un total de 22 episodios.<\/p>\n\n\n\n<h3 class=\"wp-block-heading\">Valoraci\u00f3n<\/h3>\n\n\n\n<p>Todav\u00eda recuerdo con especial agrado lo que signific\u00f3 ver para mi en el 2014, lo que fue la primera temporada de The Flash, a trav\u00e9s de la se\u00f1al de DirecTV. <\/p>\n\n\n\n<figure class=\"wp-block-embed-youtube wp-block-embed is-type-video is-provider-youtube wp-embed-aspect-16-9 wp-has-aspect-ratio\"><div class=\"wp-block-embed__wrapper\">\n<span class=\"embed-youtube\" style=\"text-align:center; display: block;\"><iframe loading=\"lazy\" class=\"youtube-player\" width=\"640\" height=\"360\" src=\"https:\/\/www.youtube.com\/embed\/Eunrm_b_EWs?version=3&#038;rel=1&#038;showsearch=0&#038;showinfo=1&#038;iv_load_policy=1&#038;fs=1&#038;hl=en-US&#038;autohide=2&#038;wmode=transparent\" allowfullscreen=\"true\" style=\"border:0;\" sandbox=\"allow-scripts allow-same-origin allow-popups allow-presentation allow-popups-to-escape-sandbox\"><\/iframe><\/span>\n<\/div><\/figure>\n\n\n\n<p>Cada temporada desarrolla un villano dif\u00edcil de vencer, que perdura y se desdobla durante toda la secuencia del rodaje; logrando exponer todas las virtudes por las que originalmente nuestro h\u00e9roe conquist\u00f3 a millones de espectadores desde su primera temporada, con un resultado fresco en su narrativa, y efectos especiales atractivos.<\/p>\n\n\n\n<h3 class=\"wp-block-heading\">Adicionalmente<\/h3>\n\n\n\n<p>Finalmente llegu\u00e9 a la 5ta temporada gracias a Netflix. Entendiendo que el rodaje de la 6ta entrega ha sufrido ciertos retrasos por problemas t\u00e9cnicos a causa de la pandemia mundial que nos afecta a todos.  <\/p>\n\n\n\n<figure class=\"wp-block-embed-youtube wp-block-embed is-type-video is-provider-youtube wp-embed-aspect-16-9 wp-has-aspect-ratio\"><div class=\"wp-block-embed__wrapper\">\n<span class=\"embed-youtube\" style=\"text-align:center; display: block;\"><iframe loading=\"lazy\" class=\"youtube-player\" width=\"640\" height=\"360\" src=\"https:\/\/www.youtube.com\/embed\/nrqStOyyvgI?version=3&#038;rel=1&#038;showsearch=0&#038;showinfo=1&#038;iv_load_policy=1&#038;fs=1&#038;hl=en-US&#038;autohide=2&#038;wmode=transparent\" allowfullscreen=\"true\" style=\"border:0;\" sandbox=\"allow-scripts allow-same-origin allow-popups allow-presentation allow-popups-to-escape-sandbox\"><\/iframe><\/span>\n<\/div><figcaption><strong>Tr\u00e1iler<\/strong><\/figcaption><\/figure>\n\n\n\n<p>Algunos medios de prensa aseguran que Netflix podr\u00eda haber perdido los derechos de la franquicia, pero no hay nada de qu\u00e9 preocuparse, la serie forma parte de un contrato heredado con The CW, el contrato estipula que Netflix recibir\u00e1 las&nbsp;<strong>\u00faltimas temporadas de The Flash<\/strong>&nbsp;despu\u00e9s de emitirse en The CW. <\/p>\n\n\n\n<p>Una vez que The Flash transmita su \u00faltima temporada, Netflix continuar\u00e1 transmitiendo la serie durante otros cinco a\u00f1os antes de cancelarla. Esto significa que est\u00e1 garantizado que <strong>The Flash<\/strong> permanecer\u00e1 en Netflix hasta al menos el 2025.<\/p>","protected":false},"excerpt":{"rendered":"<p>Esta semana di un salto adictivo hacia un nuevo personaje de las historias de DC Comics mientras me pon\u00eda al d\u00eda, con el estreno de la quinta entrega de Gotham. Sipnosis La quinta temporada de la serie de televisi\u00f3n estadounidense The Flash, se basa en el personaje de DC Comics Barry Allen \/ Flash, y &hellip;<\/p>","protected":false},"author":2,"featured_media":10045,"comment_status":"closed","ping_status":"closed","sticky":false,"template":"","format":"standard","meta":{"jetpack_post_was_ever_published":false,"_jetpack_newsletter_access":"","_jetpack_dont_email_post_to_subs":false,"_jetpack_newsletter_tier_id":0,"_jetpack_memberships_contains_paywalled_content":false,"_jetpack_memberships_contains_paid_content":false,"footnotes":"","jetpack_publicize_message":"","jetpack_publicize_feature_enabled":true,"jetpack_social_post_already_shared":true,"jetpack_social_options":{"image_generator_settings":{"template":"highway","default_image_id":0,"font":"","enabled":false},"version":2}},"categories":[696,732],"tags":[682,856],"class_list":["post-10042","post","type-post","status-publish","format-standard","has-post-thumbnail","hentry","category-netflix","category-series","tag-accion-y-aventura","tag-ciencia-ficcion-y-fantasia"],"jetpack_publicize_connections":[],"jetpack_featured_media_url":"https:\/\/www.macquero.com\/wp-content\/uploads\/2020\/05\/www.macquero.com-opinion-the-flash-captura-de-pantalla-2020-05-13-a-las-8.54.45-p.-m..png","jetpack_sharing_enabled":true,"_links":{"self":[{"href":"https:\/\/www.macquero.com\/en\/wp-json\/wp\/v2\/posts\/10042","targetHints":{"allow":["GET"]}}],"collection":[{"href":"https:\/\/www.macquero.com\/en\/wp-json\/wp\/v2\/posts"}],"about":[{"href":"https:\/\/www.macquero.com\/en\/wp-json\/wp\/v2\/types\/post"}],"author":[{"embeddable":true,"href":"https:\/\/www.macquero.com\/en\/wp-json\/wp\/v2\/users\/2"}],"replies":[{"embeddable":true,"href":"https:\/\/www.macquero.com\/en\/wp-json\/wp\/v2\/comments?post=10042"}],"version-history":[{"count":4,"href":"https:\/\/www.macquero.com\/en\/wp-json\/wp\/v2\/posts\/10042\/revisions"}],"predecessor-version":[{"id":10048,"href":"https:\/\/www.macquero.com\/en\/wp-json\/wp\/v2\/posts\/10042\/revisions\/10048"}],"wp:featuredmedia":[{"embeddable":true,"href":"https:\/\/www.macquero.com\/en\/wp-json\/wp\/v2\/media\/10045"}],"wp:attachment":[{"href":"https:\/\/www.macquero.com\/en\/wp-json\/wp\/v2\/media?parent=10042"}],"wp:term":[{"taxonomy":"category","embeddable":true,"href":"https:\/\/www.macquero.com\/en\/wp-json\/wp\/v2\/categories?post=10042"},{"taxonomy":"post_tag","embeddable":true,"href":"https:\/\/www.macquero.com\/en\/wp-json\/wp\/v2\/tags?post=10042"}],"curies":[{"name":"wp","href":"https:\/\/api.w.org\/{rel}","templated":true}]}}