{"id":10031,"date":"2020-05-13T06:21:20","date_gmt":"2020-05-13T11:21:20","guid":{"rendered":"http:\/\/www.macquero.com\/?p=10031"},"modified":"2021-10-27T03:02:45","modified_gmt":"2021-10-27T08:02:45","slug":"por-si-estabas-al-pendiente-gotham-en-su-quinta-temporada-ya-se-encuentra-disponible","status":"publish","type":"post","link":"https:\/\/www.macquero.com\/en\/2020\/05\/por-si-estabas-al-pendiente-gotham-en-su-quinta-temporada-ya-se-encuentra-disponible\/","title":{"rendered":"Por si estabas al pendiente: Gotham, en su quinta temporada ya se encuentra disponible."},"content":{"rendered":"<p>Puntuaci\u00f3n: &#x2b50;&#x2b50;&#x2b50;&#x2b50;<\/p>\n\n\n\n<p>Es un d\u00eda de sentimientos encontrados para los fans de esta serie, ya que la misma fue cancelada, y los productores han decidido encarar una \u00faltima entrega, para no dejarla de manera inconclusa.<\/p>\n\n\n\n<h3 class=\"wp-block-heading\">Sipnosis<\/h3>\n\n\n\n<p>La quinta y \u00faltima temporada de la serie de televisi\u00f3n estadounidense Gotham, basada en personajes de DC Comics relacionados con la franquicia de Batman, gira en torno a los personajes de James Gordon y Bruce Wayne. La temporada es producida por Primrose Hill Productions, DC Entertainment y Warner Bros.<\/p>\n\n\n\n<h3 class=\"wp-block-heading\">Valoraci\u00f3n<\/h3>\n\n\n\n<p>Gotham&nbsp;ha sido una de esas&nbsp;<strong>series de DC<\/strong>&nbsp;que lleg\u00f3 sin hacer mucho ruido y se convirti\u00f3 r\u00e1pidamente en un fen\u00f3meno por su perspectiva diferente del pasado de&nbsp;Bruce Wayne&nbsp;y de la ciudad a la que&nbsp;Batman&nbsp;protege de d\u00eda y noche&#8230;<\/p>\n\n\n\n<p>Ahora que sabemos que&nbsp;la quinta temporada de Gotham ser\u00e1 la \u00faltima; quiz\u00e1s debas saber que esta entrega estar\u00eda mayoritariamente centrada en la transformaci\u00f3n de&nbsp;Bruce Wayne&nbsp;en el Caballero Oscuro.&nbsp;<\/p>\n\n\n\n<h3 class=\"wp-block-heading\">Razones para verla<\/h3>\n\n\n\n<p>Pues, si nunca la has visto, quiz\u00e1s sea buena idea leer un poco m\u00e1s acerca de esta <a href=\"\/en\/2019\/07\/opinion-gotham-disponible-para-suscriptores-de-netflix\/\"><strong>serie<\/strong><\/a>.<\/p>","protected":false},"excerpt":{"rendered":"<p>Puntuaci\u00f3n: &#x2b50;&#x2b50;&#x2b50;&#x2b50; Es un d\u00eda de sentimientos encontrados para los fans de esta serie, ya que la misma fue cancelada, y los productores han decidido encarar una \u00faltima entrega, para no dejarla de manera inconclusa. Sipnosis La quinta y \u00faltima temporada de la serie de televisi\u00f3n estadounidense Gotham, basada en personajes de DC Comics relacionados &hellip;<\/p>","protected":false},"author":2,"featured_media":10035,"comment_status":"closed","ping_status":"closed","sticky":false,"template":"","format":"standard","meta":{"jetpack_post_was_ever_published":false,"_jetpack_newsletter_access":"","_jetpack_dont_email_post_to_subs":false,"_jetpack_newsletter_tier_id":0,"_jetpack_memberships_contains_paywalled_content":false,"_jetpack_memberships_contains_paid_content":false,"footnotes":"","jetpack_publicize_message":"","jetpack_publicize_feature_enabled":true,"jetpack_social_post_already_shared":true,"jetpack_social_options":{"image_generator_settings":{"template":"highway","default_image_id":0,"font":"","enabled":false},"version":2}},"categories":[732],"tags":[856],"class_list":["post-10031","post","type-post","status-publish","format-standard","has-post-thumbnail","hentry","category-series","tag-ciencia-ficcion-y-fantasia"],"jetpack_publicize_connections":[],"jetpack_featured_media_url":"https:\/\/www.macquero.com\/wp-content\/uploads\/2020\/05\/www.macquero.com-por-si-estabas-al-pendiente-gotham-en-su-quinta-temporada-ya-se-encuentra-disponible-captura-de-pantalla-2020-05-13-a-las-7.16.20-a.-m..png","jetpack_sharing_enabled":true,"_links":{"self":[{"href":"https:\/\/www.macquero.com\/en\/wp-json\/wp\/v2\/posts\/10031","targetHints":{"allow":["GET"]}}],"collection":[{"href":"https:\/\/www.macquero.com\/en\/wp-json\/wp\/v2\/posts"}],"about":[{"href":"https:\/\/www.macquero.com\/en\/wp-json\/wp\/v2\/types\/post"}],"author":[{"embeddable":true,"href":"https:\/\/www.macquero.com\/en\/wp-json\/wp\/v2\/users\/2"}],"replies":[{"embeddable":true,"href":"https:\/\/www.macquero.com\/en\/wp-json\/wp\/v2\/comments?post=10031"}],"version-history":[{"count":8,"href":"https:\/\/www.macquero.com\/en\/wp-json\/wp\/v2\/posts\/10031\/revisions"}],"predecessor-version":[{"id":15422,"href":"https:\/\/www.macquero.com\/en\/wp-json\/wp\/v2\/posts\/10031\/revisions\/15422"}],"wp:featuredmedia":[{"embeddable":true,"href":"https:\/\/www.macquero.com\/en\/wp-json\/wp\/v2\/media\/10035"}],"wp:attachment":[{"href":"https:\/\/www.macquero.com\/en\/wp-json\/wp\/v2\/media?parent=10031"}],"wp:term":[{"taxonomy":"category","embeddable":true,"href":"https:\/\/www.macquero.com\/en\/wp-json\/wp\/v2\/categories?post=10031"},{"taxonomy":"post_tag","embeddable":true,"href":"https:\/\/www.macquero.com\/en\/wp-json\/wp\/v2\/tags?post=10031"}],"curies":[{"name":"wp","href":"https:\/\/api.w.org\/{rel}","templated":true}]}}